{"id":745,"date":"2015-12-15T09:18:05","date_gmt":"2015-12-15T08:18:05","guid":{"rendered":"http:\/\/www.drinkatering.com\/?p=688"},"modified":"2025-01-23T22:52:10","modified_gmt":"2025-01-23T21:52:10","slug":"voici-la-maison-de-leau-a-castano-primo","status":"publish","type":"post","link":"https:\/\/drinkatering.com\/fr\/detto-e-fatto-ecco-la-casa-dellacqua-di-castano-primo\/","title":{"rendered":"C'est dit, c'est fait : la maison de l'eau de Castano Primo"},"content":{"rendered":"<p>Depuis des mois, les habitants de Castano attendaient cet \u00e9v\u00e9nement, et enfin,\u00a0<strong>Mardi 15 d\u00e9cembre \u00e0 11h00 \u00e0 la Piazza Ardizzone<\/strong>La Maison de l'eau est inaugur\u00e9e.<br \/>\nLe ruban a \u00e9t\u00e9 coup\u00e9 en pr\u00e9sence du pr\u00e9sident de la Commission europ\u00e9enne.\u00a0<strong>Alessandro Russo, pr\u00e9sident du groupe CAP, et Giuseppe Pignatiello, maire de la ville.<\/strong>\u00a0et b<strong>enfants de l'\u00e9cole primaire<\/strong>\u00a0de la municipalit\u00e9 qui ont accueilli la Petite Maison en agitant des drapeaux bleus et blancs avec le slogan \"votre eau entre de bonnes mains\". L'<strong>l'eau z\u00e9ro kilom\u00e8tre fournie par l'usine est en effet excellente, s\u00fbre et contr\u00f4l\u00e9e<\/strong>\u00a0les normes de qualit\u00e9 les plus \u00e9lev\u00e9es qui garantissent la s\u00e9curit\u00e9 alimentaire.<\/p>","protected":false},"excerpt":{"rendered":"<p>Da mesi i castanesi stavano attendendo questo evento e finalmente,\u00a0Marted\u00ec 15 Dicembre alle ore 11:00 in Piazza Ardizzone, \u00e8 stata inaugurata la Casa dell\u2019Acqua. Il nastro \u00e8 stato tagliato alla presenza del\u00a0Presidente del Gruppo CAP Alessandro Russo, del Sindaco Giuseppe Pignatiello\u00a0e dei bambini delle scuole primarie\u00a0del Comune che hanno dato il benvenuto alla Casetta sventolando [&#8230;]<\/p>\n<p><a class=\"btn btn-secondary dkr-read-more-link\" href=\"https:\/\/drinkatering.com\/fr\/detto-e-fatto-ecco-la-casa-dellacqua-di-castano-primo\/\">Lire la suite&#8230;<\/a><\/p>\n","protected":false},"author":10,"featured_media":1378,"comment_status":"open","ping_status":"open","sticky":false,"template":"","format":"standard","meta":{"_acf_changed":false,"footnotes":""},"categories":[71],"tags":[],"class_list":["post-745","post","type-post","status-publish","format-standard","has-post-thumbnail","hentry","category-nuove-inagurazioni"],"acf":[],"yoast_head":"<!-- This site is optimized with the Yoast SEO plugin v27.5 - https:\/\/yoast.com\/product\/yoast-seo-wordpress\/ -->\n<title>Detto e fatto: ecco la Casa dell\u2019Acqua di Castano Primo - DKR<\/title>\n<meta name=\"description\" content=\"Castano Primo inaugura la sua Casa dell\u2019Acqua DKR! Acqua fresca, sostenibile ed economica per tutti i cittadini.\" \/>\n<meta name=\"robots\" content=\"index, follow, max-snippet:-1, max-image-preview:large, max-video-preview:-1\" \/>\n<link rel=\"canonical\" href=\"https:\/\/drinkatering.com\/fr\/voici-la-maison-de-leau-a-castano-primo\/\" \/>\n<meta property=\"og:locale\" content=\"fr_FR\" \/>\n<meta property=\"og:type\" content=\"article\" \/>\n<meta property=\"og:title\" content=\"Detto e fatto: ecco la Casa dell\u2019Acqua di Castano Primo - DKR\" \/>\n<meta property=\"og:description\" content=\"Castano Primo inaugura la sua Casa dell\u2019Acqua DKR! Acqua fresca, sostenibile ed economica per tutti i cittadini.\" \/>\n<meta property=\"og:url\" content=\"https:\/\/drinkatering.com\/fr\/voici-la-maison-de-leau-a-castano-primo\/\" \/>\n<meta property=\"og:site_name\" content=\"DKR\" \/>\n<meta property=\"article:publisher\" content=\"https:\/\/www.facebook.com\/dkrdrinkatering\" \/>\n<meta property=\"article:published_time\" content=\"2015-12-15T08:18:05+00:00\" \/>\n<meta property=\"article:modified_time\" content=\"2025-01-23T21:52:10+00:00\" \/>\n<meta property=\"og:image\" content=\"https:\/\/drinkatering.com\/wp-content\/uploads\/2015\/12\/casa-dellacqua-castano-primo.jpg\" \/>\n\t<meta property=\"og:image:width\" content=\"433\" \/>\n\t<meta property=\"og:image:height\" content=\"243\" \/>\n\t<meta property=\"og:image:type\" content=\"image\/jpeg\" \/>\n<meta name=\"author\" content=\"Alberto Rudoni\" \/>\n<meta name=\"twitter:card\" content=\"summary_large_image\" \/>\n<meta name=\"twitter:label1\" content=\"\u00c9crit par\" \/>\n\t<meta name=\"twitter:data1\" content=\"Alberto Rudoni\" \/>\n\t<meta name=\"twitter:label2\" content=\"Dur\u00e9e de lecture estim\u00e9e\" \/>\n\t<meta name=\"twitter:data2\" content=\"1 minute\" \/>\n<script type=\"application\/ld+json\" class=\"yoast-schema-graph\">{\"@context\":\"https:\\\/\\\/schema.org\",\"@graph\":[{\"@type\":\"Article\",\"@id\":\"https:\\\/\\\/drinkatering.com\\\/detto-e-fatto-ecco-la-casa-dellacqua-di-castano-primo\\\/#article\",\"isPartOf\":{\"@id\":\"https:\\\/\\\/drinkatering.com\\\/detto-e-fatto-ecco-la-casa-dellacqua-di-castano-primo\\\/\"},\"author\":{\"name\":\"Alberto Rudoni\",\"@id\":\"https:\\\/\\\/drinkatering.com\\\/#\\\/schema\\\/person\\\/7819fad04bb01cda4cf9e766056c66d6\"},\"headline\":\"Detto e fatto: ecco la Casa dell\u2019Acqua di Castano Primo\",\"datePublished\":\"2015-12-15T08:18:05+00:00\",\"dateModified\":\"2025-01-23T21:52:10+00:00\",\"mainEntityOfPage\":{\"@id\":\"https:\\\/\\\/drinkatering.com\\\/detto-e-fatto-ecco-la-casa-dellacqua-di-castano-primo\\\/\"},\"wordCount\":105,\"commentCount\":0,\"publisher\":{\"@id\":\"https:\\\/\\\/drinkatering.com\\\/#organization\"},\"image\":{\"@id\":\"https:\\\/\\\/drinkatering.com\\\/detto-e-fatto-ecco-la-casa-dellacqua-di-castano-primo\\\/#primaryimage\"},\"thumbnailUrl\":\"https:\\\/\\\/drinkatering.com\\\/wp-content\\\/uploads\\\/2015\\\/12\\\/casa-dellacqua-castano-primo.jpg\",\"articleSection\":[\"Nuove Inagurazioni\"],\"inLanguage\":\"fr-FR\",\"potentialAction\":[{\"@type\":\"CommentAction\",\"name\":\"Comment\",\"target\":[\"https:\\\/\\\/drinkatering.com\\\/detto-e-fatto-ecco-la-casa-dellacqua-di-castano-primo\\\/#respond\"]}]},{\"@type\":\"WebPage\",\"@id\":\"https:\\\/\\\/drinkatering.com\\\/detto-e-fatto-ecco-la-casa-dellacqua-di-castano-primo\\\/\",\"url\":\"https:\\\/\\\/drinkatering.com\\\/detto-e-fatto-ecco-la-casa-dellacqua-di-castano-primo\\\/\",\"name\":\"Detto e fatto: ecco la Casa dell\u2019Acqua di Castano Primo - DKR\",\"isPartOf\":{\"@id\":\"https:\\\/\\\/drinkatering.com\\\/#website\"},\"primaryImageOfPage\":{\"@id\":\"https:\\\/\\\/drinkatering.com\\\/detto-e-fatto-ecco-la-casa-dellacqua-di-castano-primo\\\/#primaryimage\"},\"image\":{\"@id\":\"https:\\\/\\\/drinkatering.com\\\/detto-e-fatto-ecco-la-casa-dellacqua-di-castano-primo\\\/#primaryimage\"},\"thumbnailUrl\":\"https:\\\/\\\/drinkatering.com\\\/wp-content\\\/uploads\\\/2015\\\/12\\\/casa-dellacqua-castano-primo.jpg\",\"datePublished\":\"2015-12-15T08:18:05+00:00\",\"dateModified\":\"2025-01-23T21:52:10+00:00\",\"description\":\"Castano Primo inaugura la sua Casa dell\u2019Acqua DKR! Acqua fresca, sostenibile ed economica per tutti i cittadini.\",\"breadcrumb\":{\"@id\":\"https:\\\/\\\/drinkatering.com\\\/detto-e-fatto-ecco-la-casa-dellacqua-di-castano-primo\\\/#breadcrumb\"},\"inLanguage\":\"fr-FR\",\"potentialAction\":[{\"@type\":\"ReadAction\",\"target\":[\"https:\\\/\\\/drinkatering.com\\\/detto-e-fatto-ecco-la-casa-dellacqua-di-castano-primo\\\/\"]}]},{\"@type\":\"ImageObject\",\"inLanguage\":\"fr-FR\",\"@id\":\"https:\\\/\\\/drinkatering.com\\\/detto-e-fatto-ecco-la-casa-dellacqua-di-castano-primo\\\/#primaryimage\",\"url\":\"https:\\\/\\\/drinkatering.com\\\/wp-content\\\/uploads\\\/2015\\\/12\\\/casa-dellacqua-castano-primo.jpg\",\"contentUrl\":\"https:\\\/\\\/drinkatering.com\\\/wp-content\\\/uploads\\\/2015\\\/12\\\/casa-dellacqua-castano-primo.jpg\",\"width\":433,\"height\":243,\"caption\":\"Da mesi i castanesi stavano attendendo questo evento e finalmente \u00e8 stata inaugurata la nuova casa dell'acqua di Castano Primo\"},{\"@type\":\"BreadcrumbList\",\"@id\":\"https:\\\/\\\/drinkatering.com\\\/detto-e-fatto-ecco-la-casa-dellacqua-di-castano-primo\\\/#breadcrumb\",\"itemListElement\":[{\"@type\":\"ListItem\",\"position\":1,\"name\":\"Home\",\"item\":\"https:\\\/\\\/drinkatering.com\\\/\"},{\"@type\":\"ListItem\",\"position\":2,\"name\":\"Detto e fatto: ecco la Casa dell\u2019Acqua di Castano Primo\"}]},{\"@type\":\"WebSite\",\"@id\":\"https:\\\/\\\/drinkatering.com\\\/#website\",\"url\":\"https:\\\/\\\/drinkatering.com\\\/\",\"name\":\"drinkatering\",\"description\":\"Case dell&#039;Acqua e Apparecchiature per Erogazione Bevande\",\"publisher\":{\"@id\":\"https:\\\/\\\/drinkatering.com\\\/#organization\"},\"potentialAction\":[{\"@type\":\"SearchAction\",\"target\":{\"@type\":\"EntryPoint\",\"urlTemplate\":\"https:\\\/\\\/drinkatering.com\\\/?s={search_term_string}\"},\"query-input\":{\"@type\":\"PropertyValueSpecification\",\"valueRequired\":true,\"valueName\":\"search_term_string\"}}],\"inLanguage\":\"fr-FR\"},{\"@type\":\"Organization\",\"@id\":\"https:\\\/\\\/drinkatering.com\\\/#organization\",\"name\":\"drinkatering\",\"url\":\"https:\\\/\\\/drinkatering.com\\\/\",\"logo\":{\"@type\":\"ImageObject\",\"inLanguage\":\"fr-FR\",\"@id\":\"https:\\\/\\\/drinkatering.com\\\/#\\\/schema\\\/logo\\\/image\\\/\",\"url\":\"https:\\\/\\\/drinkatering.com\\\/wp-content\\\/uploads\\\/2022\\\/01\\\/logo.png\",\"contentUrl\":\"https:\\\/\\\/drinkatering.com\\\/wp-content\\\/uploads\\\/2022\\\/01\\\/logo.png\",\"width\":168,\"height\":74,\"caption\":\"drinkatering\"},\"image\":{\"@id\":\"https:\\\/\\\/drinkatering.com\\\/#\\\/schema\\\/logo\\\/image\\\/\"},\"sameAs\":[\"https:\\\/\\\/www.facebook.com\\\/dkrdrinkatering\",\"https:\\\/\\\/www.linkedin.com\\\/company\\\/dkr-drinkatering\\\/\"]},{\"@type\":\"Person\",\"@id\":\"https:\\\/\\\/drinkatering.com\\\/#\\\/schema\\\/person\\\/7819fad04bb01cda4cf9e766056c66d6\",\"name\":\"Alberto Rudoni\",\"image\":{\"@type\":\"ImageObject\",\"inLanguage\":\"fr-FR\",\"@id\":\"https:\\\/\\\/secure.gravatar.com\\\/avatar\\\/1511faaaa29480384f7cc1753d1116b4b059cfcd36fa9c1a1a01cdfcdc5046c2?s=96&d=mm&r=g\",\"url\":\"https:\\\/\\\/secure.gravatar.com\\\/avatar\\\/1511faaaa29480384f7cc1753d1116b4b059cfcd36fa9c1a1a01cdfcdc5046c2?s=96&d=mm&r=g\",\"contentUrl\":\"https:\\\/\\\/secure.gravatar.com\\\/avatar\\\/1511faaaa29480384f7cc1753d1116b4b059cfcd36fa9c1a1a01cdfcdc5046c2?s=96&d=mm&r=g\",\"caption\":\"Alberto Rudoni\"},\"url\":\"https:\\\/\\\/drinkatering.com\\\/fr\\\/author\\\/redapple\\\/\"}]}<\/script>\n<!-- \/ Yoast SEO plugin. -->","yoast_head_json":{"title":"La maison de l'eau Castano Primo - DKR","description":"Castano Primo inaugure sa maison de l'eau DKR ! De l'eau fra\u00eeche, durable et abordable pour tous les citoyens.","robots":{"index":"index","follow":"follow","max-snippet":"max-snippet:-1","max-image-preview":"max-image-preview:large","max-video-preview":"max-video-preview:-1"},"canonical":"https:\/\/drinkatering.com\/fr\/voici-la-maison-de-leau-a-castano-primo\/","og_locale":"fr_FR","og_type":"article","og_title":"Detto e fatto: ecco la Casa dell\u2019Acqua di Castano Primo - DKR","og_description":"Castano Primo inaugura la sua Casa dell\u2019Acqua DKR! Acqua fresca, sostenibile ed economica per tutti i cittadini.","og_url":"https:\/\/drinkatering.com\/fr\/voici-la-maison-de-leau-a-castano-primo\/","og_site_name":"DKR","article_publisher":"https:\/\/www.facebook.com\/dkrdrinkatering","article_published_time":"2015-12-15T08:18:05+00:00","article_modified_time":"2025-01-23T21:52:10+00:00","og_image":[{"width":433,"height":243,"url":"https:\/\/drinkatering.com\/wp-content\/uploads\/2015\/12\/casa-dellacqua-castano-primo.jpg","type":"image\/jpeg"}],"author":"Alberto Rudoni","twitter_card":"summary_large_image","twitter_misc":{"\u00c9crit par":"Alberto Rudoni","Dur\u00e9e de lecture estim\u00e9e":"1 minute"},"schema":{"@context":"https:\/\/schema.org","@graph":[{"@type":"Article","@id":"https:\/\/drinkatering.com\/detto-e-fatto-ecco-la-casa-dellacqua-di-castano-primo\/#article","isPartOf":{"@id":"https:\/\/drinkatering.com\/detto-e-fatto-ecco-la-casa-dellacqua-di-castano-primo\/"},"author":{"name":"Alberto Rudoni","@id":"https:\/\/drinkatering.com\/#\/schema\/person\/7819fad04bb01cda4cf9e766056c66d6"},"headline":"Detto e fatto: ecco la Casa dell\u2019Acqua di Castano Primo","datePublished":"2015-12-15T08:18:05+00:00","dateModified":"2025-01-23T21:52:10+00:00","mainEntityOfPage":{"@id":"https:\/\/drinkatering.com\/detto-e-fatto-ecco-la-casa-dellacqua-di-castano-primo\/"},"wordCount":105,"commentCount":0,"publisher":{"@id":"https:\/\/drinkatering.com\/#organization"},"image":{"@id":"https:\/\/drinkatering.com\/detto-e-fatto-ecco-la-casa-dellacqua-di-castano-primo\/#primaryimage"},"thumbnailUrl":"https:\/\/drinkatering.com\/wp-content\/uploads\/2015\/12\/casa-dellacqua-castano-primo.jpg","articleSection":["Nuove Inagurazioni"],"inLanguage":"fr-FR","potentialAction":[{"@type":"CommentAction","name":"Comment","target":["https:\/\/drinkatering.com\/detto-e-fatto-ecco-la-casa-dellacqua-di-castano-primo\/#respond"]}]},{"@type":"WebPage","@id":"https:\/\/drinkatering.com\/detto-e-fatto-ecco-la-casa-dellacqua-di-castano-primo\/","url":"https:\/\/drinkatering.com\/detto-e-fatto-ecco-la-casa-dellacqua-di-castano-primo\/","name":"La maison de l'eau Castano Primo - DKR","isPartOf":{"@id":"https:\/\/drinkatering.com\/#website"},"primaryImageOfPage":{"@id":"https:\/\/drinkatering.com\/detto-e-fatto-ecco-la-casa-dellacqua-di-castano-primo\/#primaryimage"},"image":{"@id":"https:\/\/drinkatering.com\/detto-e-fatto-ecco-la-casa-dellacqua-di-castano-primo\/#primaryimage"},"thumbnailUrl":"https:\/\/drinkatering.com\/wp-content\/uploads\/2015\/12\/casa-dellacqua-castano-primo.jpg","datePublished":"2015-12-15T08:18:05+00:00","dateModified":"2025-01-23T21:52:10+00:00","description":"Castano Primo inaugure sa maison de l'eau DKR ! De l'eau fra\u00eeche, durable et abordable pour tous les citoyens.","breadcrumb":{"@id":"https:\/\/drinkatering.com\/detto-e-fatto-ecco-la-casa-dellacqua-di-castano-primo\/#breadcrumb"},"inLanguage":"fr-FR","potentialAction":[{"@type":"ReadAction","target":["https:\/\/drinkatering.com\/detto-e-fatto-ecco-la-casa-dellacqua-di-castano-primo\/"]}]},{"@type":"ImageObject","inLanguage":"fr-FR","@id":"https:\/\/drinkatering.com\/detto-e-fatto-ecco-la-casa-dellacqua-di-castano-primo\/#primaryimage","url":"https:\/\/drinkatering.com\/wp-content\/uploads\/2015\/12\/casa-dellacqua-castano-primo.jpg","contentUrl":"https:\/\/drinkatering.com\/wp-content\/uploads\/2015\/12\/casa-dellacqua-castano-primo.jpg","width":433,"height":243,"caption":"Da mesi i castanesi stavano attendendo questo evento e finalmente \u00e8 stata inaugurata la nuova casa dell'acqua di Castano Primo"},{"@type":"BreadcrumbList","@id":"https:\/\/drinkatering.com\/detto-e-fatto-ecco-la-casa-dellacqua-di-castano-primo\/#breadcrumb","itemListElement":[{"@type":"ListItem","position":1,"name":"Home","item":"https:\/\/drinkatering.com\/"},{"@type":"ListItem","position":2,"name":"Detto e fatto: ecco la Casa dell\u2019Acqua di Castano Primo"}]},{"@type":"WebSite","@id":"https:\/\/drinkatering.com\/#website","url":"https:\/\/drinkatering.com\/","name":"l'abreuvoir","description":"Distributeurs d'eau et de boissons","publisher":{"@id":"https:\/\/drinkatering.com\/#organization"},"potentialAction":[{"@type":"SearchAction","target":{"@type":"EntryPoint","urlTemplate":"https:\/\/drinkatering.com\/?s={search_term_string}"},"query-input":{"@type":"PropertyValueSpecification","valueRequired":true,"valueName":"search_term_string"}}],"inLanguage":"fr-FR"},{"@type":"Organization","@id":"https:\/\/drinkatering.com\/#organization","name":"l'abreuvoir","url":"https:\/\/drinkatering.com\/","logo":{"@type":"ImageObject","inLanguage":"fr-FR","@id":"https:\/\/drinkatering.com\/#\/schema\/logo\/image\/","url":"https:\/\/drinkatering.com\/wp-content\/uploads\/2022\/01\/logo.png","contentUrl":"https:\/\/drinkatering.com\/wp-content\/uploads\/2022\/01\/logo.png","width":168,"height":74,"caption":"drinkatering"},"image":{"@id":"https:\/\/drinkatering.com\/#\/schema\/logo\/image\/"},"sameAs":["https:\/\/www.facebook.com\/dkrdrinkatering","https:\/\/www.linkedin.com\/company\/dkr-drinkatering\/"]},{"@type":"Person","@id":"https:\/\/drinkatering.com\/#\/schema\/person\/7819fad04bb01cda4cf9e766056c66d6","name":"Alberto Rudoni","image":{"@type":"ImageObject","inLanguage":"fr-FR","@id":"https:\/\/secure.gravatar.com\/avatar\/1511faaaa29480384f7cc1753d1116b4b059cfcd36fa9c1a1a01cdfcdc5046c2?s=96&d=mm&r=g","url":"https:\/\/secure.gravatar.com\/avatar\/1511faaaa29480384f7cc1753d1116b4b059cfcd36fa9c1a1a01cdfcdc5046c2?s=96&d=mm&r=g","contentUrl":"https:\/\/secure.gravatar.com\/avatar\/1511faaaa29480384f7cc1753d1116b4b059cfcd36fa9c1a1a01cdfcdc5046c2?s=96&d=mm&r=g","caption":"Alberto Rudoni"},"url":"https:\/\/drinkatering.com\/fr\/author\/redapple\/"}]}},"_links":{"self":[{"href":"https:\/\/drinkatering.com\/fr\/wp-json\/wp\/v2\/posts\/745","targetHints":{"allow":["GET"]}}],"collection":[{"href":"https:\/\/drinkatering.com\/fr\/wp-json\/wp\/v2\/posts"}],"about":[{"href":"https:\/\/drinkatering.com\/fr\/wp-json\/wp\/v2\/types\/post"}],"author":[{"embeddable":true,"href":"https:\/\/drinkatering.com\/fr\/wp-json\/wp\/v2\/users\/10"}],"replies":[{"embeddable":true,"href":"https:\/\/drinkatering.com\/fr\/wp-json\/wp\/v2\/comments?post=745"}],"version-history":[{"count":0,"href":"https:\/\/drinkatering.com\/fr\/wp-json\/wp\/v2\/posts\/745\/revisions"}],"wp:featuredmedia":[{"embeddable":true,"href":"https:\/\/drinkatering.com\/fr\/wp-json\/wp\/v2\/media\/1378"}],"wp:attachment":[{"href":"https:\/\/drinkatering.com\/fr\/wp-json\/wp\/v2\/media?parent=745"}],"wp:term":[{"taxonomy":"category","embeddable":true,"href":"https:\/\/drinkatering.com\/fr\/wp-json\/wp\/v2\/categories?post=745"},{"taxonomy":"post_tag","embeddable":true,"href":"https:\/\/drinkatering.com\/fr\/wp-json\/wp\/v2\/tags?post=745"}],"curies":[{"name":"wp","href":"https:\/\/api.w.org\/{rel}","templated":true}]}}